{"id":3784,"date":"2022-10-02T18:12:13","date_gmt":"2022-10-02T16:12:13","guid":{"rendered":"https:\/\/jugendfoerderung-in-litauen.org\/apie-sonatos-vaikus-sekmingas-dirbtuves-ir-pliusines-alpakas-kelioniu-dienorastis-lietuva-2022%ef%bf%bc\/"},"modified":"2022-11-12T12:02:19","modified_gmt":"2022-11-12T11:02:19","slug":"apie-sonatos-vaikus-sekmingas-dirbtuves-ir-pliusines-alpakas-kelioniu-dienorastis-lietuva-2022%ef%bf%bc","status":"publish","type":"post","link":"https:\/\/jugendfoerderung-in-litauen.org\/lt\/apie-sonatos-vaikus-sekmingas-dirbtuves-ir-pliusines-alpakas-kelioniu-dienorastis-lietuva-2022%ef%bf%bc\/","title":{"rendered":"Apie Sonatos nam\u0173 vaikus, s\u0117kmingas dirbtuves ir \u0161velnias alpakas &#8211; Kelioni\u0173 dienora\u0161tis Lietuva 2022\ufffc"},"content":{"rendered":"\n<p><em><strong>Brang\u016bs draugai ir r\u0117m\u0117jai!<\/strong><\/em><\/p>\n\n<p>2022 m. rugs\u0117jo prad\u017eioje J\u016brat\u0117, Ingrida ir Otmaras i\u0161 m\u016bs\u0173 valdybos komandos patyr\u0117 keturias intensyvias, jaudinan\u010dias ir kupinas \u012fsp\u016bd\u017ei\u0173 dienas Lietuvoje.  <strong>Pozityvi Otmaro kelion\u0117s i\u0161vada: su PATRIA programa einame teisingu keliu!<\/strong>  J\u016bs\u0173, brang\u016bs r\u0117m\u0117jai, finansin\u0117s paramos d\u0117ka mes pasiekiame daugyb\u0119 jaun\u0173 \u017emoni\u0173, o d\u0117l PATRIA aistringo darbo jie gauna visapusi\u0161k\u0105 asmeninio tobul\u0117jimo ir mokymosi pagalb\u0105. Taip pat m\u016bs\u0173 vaikai Sonatos namuose Marijampol\u0117je gerai jau\u010diasi ir d\u017eiaugiasi m\u016bs\u0173 pagalba.<\/p>\n\n<p>Skaitykite Otmaro linksm\u0105 kelioni\u0173 apra\u0161ym\u0105 dabar.<\/p>\n\n<p><strong>VAIK\u0172 APSILANKYMAS MARIJAMPOL\u0116JE<\/strong><\/p>\n\n<figure class=\"wp-block-image size-full\"><img decoding=\"async\" width=\"1000\" height=\"750\" src=\"https:\/\/jugendfoerderung-in-litauen.org\/wp-content\/uploads\/2022\/10\/Team.jpeg\" alt=\"\" class=\"wp-image-2773\" srcset=\"https:\/\/jugendfoerderung-in-litauen.org\/wp-content\/uploads\/2022\/10\/Team.jpeg 1000w, https:\/\/jugendfoerderung-in-litauen.org\/wp-content\/uploads\/2022\/10\/Team-980x735.jpeg 980w, https:\/\/jugendfoerderung-in-litauen.org\/wp-content\/uploads\/2022\/10\/Team-480x360.jpeg 480w\" sizes=\"(min-width: 0px) and (max-width: 480px) 480px, (min-width: 481px) and (max-width: 980px) 980px, (min-width: 981px) 1000px, 100vw\" \/><\/figure>\n\n<p><strong>Pirmiausia aplank\u0117me devynis Sonatos namuose gyvenan\u010dius vaikus ir jaunuolius bei juos mylin\u010dius glob\u0117jus.  <\/strong>Prie\u0161 kelerius metus penki broliai ir seserys i\u0161 m\u016bs\u0173 vaik\u0173 kaimo Marijampol\u0117je buvo perkelti \u012f Sonatos namus ir taip mes susipa\u017einome su ja ir jos glob\u0117j\u0173 \u0161eima. Kol kas visi devyni vaikai dalyvauja m\u016bs\u0173 r\u0117mimo programoje, o mes palaikome glaud\u017eius ry\u0161ius su glob\u0117ja Sonata ir jos mylin\u010dia komanda. Deja, ma\u017eai bendraujame su vaik\u0173 kaimeliu Marijampol\u0117je, kuriame tebegyvena tik keli vaikai ir kuris tikriausiai bus u\u017edarytas, kai tik \u0161ie vaikai paaugs.<\/p>\n\n<p><strong>Rugs\u0117jo 1 d. vaikai su d\u017eiaugsmu kartu su mumis \u0161vent\u0117 mokyklos prad\u017ei\u0105 &#8211; tai labai svarbi diena vaik\u0173 gyvenime. <\/strong>Tod\u0117l pakviet\u0117me \u0161eim\u0105 piet\u0173 \u012f restoran\u0105. Vaikams tai buvo nuostabi patirtis, nes eiti valgyti su visa \u0161eima ir darbuotojais \u0161eima paprastai negali sau leisti. V\u0117liau nuvykome \u012f \u0161eimos namus, pasikalb\u0117jome su Sonata ir darbuotojais apie m\u016bs\u0173 param\u0105, paskui \u017eaid\u0117me su vaikais sode ir fotografavom\u0117s.<\/p>\n\n<figure class=\"wp-block-image size-full\"><img decoding=\"async\" width=\"1000\" height=\"667\" src=\"https:\/\/jugendfoerderung-in-litauen.org\/wp-content\/uploads\/2022\/10\/Sonata-Gruppe.jpeg\" alt=\"\" class=\"wp-image-2774\" srcset=\"https:\/\/jugendfoerderung-in-litauen.org\/wp-content\/uploads\/2022\/10\/Sonata-Gruppe.jpeg 1000w, https:\/\/jugendfoerderung-in-litauen.org\/wp-content\/uploads\/2022\/10\/Sonata-Gruppe-980x654.jpeg 980w, https:\/\/jugendfoerderung-in-litauen.org\/wp-content\/uploads\/2022\/10\/Sonata-Gruppe-480x320.jpeg 480w\" sizes=\"(min-width: 0px) and (max-width: 480px) 480px, (min-width: 481px) and (max-width: 980px) 980px, (min-width: 981px) 1000px, 100vw\" \/><\/figure>\n\n<p><strong>\u0160iais metais par\u0117m\u0117me kelis Sonatos \u0161eimos projektus, pavyzd\u017eiui, atostogas prie Baltijos j\u016bros, svarb\u0173 dant\u0173 gydym\u0105 ir svarbius pirkinius.<\/strong><\/p>\n\n<p><strong>Kelion\u0117 prie Baltijos j\u016bros:<\/strong> be m\u016bs\u0173 r\u0117m\u0117j\u0173 paramos \u0161eima neb\u016bt\u0173 gal\u0117jusi sau leisti atostog\u0173 kelion\u0117s prie Baltijos j\u016bros. Sonata parod\u0117 mums vie\u0161nag\u0117s nuotraukas ir prane\u0161\u0117, kad po &#8222;Corona&#8221; laik\u0173 ner\u016bpestingos atostogos prie j\u016bros vaikams buvo labai svarbios ir atpalaiduojan\u010dios.  <\/p>\n\n<p><strong>Dant\u0173 gydymas:<\/strong> tada par\u0117m\u0117me 17-met\u0117s Gabijos plataus masto dant\u0173 gydym\u0105. \u0160iuo metu tai yra did\u017eiausias m\u016bs\u0173 projektas, kur\u012f finansuojame 3 000 eur\u0173 i\u0161 savo medicinin\u0117s pagalbos fondo. Gabija labai d\u017eiaugiasi gydymu. Kai su ja apie tai kalbam\u0117s, ji \u0161vyti, o jos pasitik\u0117jimas savimi pastebimai i\u0161augo.<\/p>\n\n<p><strong>Pradin\u0117 \u012franga:<\/strong> taip pat gal\u0117jome skirti Sonatai pinig\u0173 pradinei \u012frangai (drabu\u017eiams ir mokyklin\u0117ms prek\u0117ms) vaikams, kuriuos jai naujai atsiunt\u0117 Jaunimo gerov\u0117s tarnyba, nes valstyb\u0117 d\u0117l didel\u0117s infliacijos gali skirti ma\u017eiau pagalbos.<\/p>\n\n<p><strong>Santaup\u0173 likutis:<\/strong> &#8222;Sonata&#8221; buhalterin\u0117 apskaita labai tvarkinga. I\u0161 dalies r\u0117m\u0117j\u0173 pinig\u0173 ji kiekvienam vaikui \u012fsteig\u0117 taupom\u0105sias knygeles. \u0160ie pinigai naudojami specialiems pirkiniams, o likusi suma i\u0161mokama kaip pradinis kapitalas, kai vaikas sulaukia pilnametyst\u0117s.<\/p>\n\n<p><strong>M\u016bs\u0173 i\u0161vada: Laikas, praleistas kartu su Sonatos nam\u0173 vaikais, mums suteik\u0117 daug d\u017eiaugsmo, o vaikams buvo ypatinga patirtis.<\/strong>  Vaikai greitai mumis pasitik\u0117jo ir d\u017eiaug\u0117si d\u0117mesiu. B\u016btent \u0161is emocinis artumas, galimyb\u0117 patiems prisid\u0117ti prie m\u016bs\u0173, kaip ma\u017eos organizacijos, darbo, skiria mus nuo anonimini\u0173 dideli\u0173 organizacij\u0173.<\/p>\n\n<p><strong>PATRIA PROGRAMA KAUNE<\/strong><\/p>\n\n<p><strong>Antroji m\u016bs\u0173 kelion\u0117s stotel\u0117 buvo PATRIA programa Kaune<\/strong>.<\/p>\n\n<figure class=\"wp-block-image size-full\"><img decoding=\"async\" src=\"https:\/\/jugendfoerderung-in-litauen.org\/wp-content\/uploads\/2022\/10\/Patria-Pra&#x308;sentation.jpeg\" alt=\"\" class=\"wp-image-2775\"\/><\/figure>\n\n<p><strong>Pirmiausia tur\u0117jome<\/strong> <strong>susitikim\u0105 su PATRIA komanda, kuriame aptar\u0117me programos raid\u0105 per pastaruosius metus <\/strong>. \u0160iuo metu PATRIA programoje aktyviai dalyvauja beveik 40 jaunuoli\u0173, PATRIA tikslas &#8211; 60 &#8211; poreikis yra, o m\u016bs\u0173 mokym\u0173 programa tampa vis labiau \u017einoma didesn\u0117je Kauno apskrityje. Labai d\u017eiaugiam\u0117s, kad Rita ir Inga vadovauja mokymo programai nuo pat prad\u017ei\u0173 ir iki \u0161iol. Taip u\u017etikrinamas t\u0119stinumas ir nuolatinis tobul\u0117jimas remiantis patirtimi. Rita pasakojo, kad kitos organizacijos Lietuvoje jau turi  <strong>nukopijuokite m\u016bs\u0173 mokymo program\u0105. D\u017eiaugiam\u0117s gal\u0117dami tai priimti kaip kompliment\u0105 ir patvirtinim\u0105.<\/strong>kad kartu su &#8222;Patria&#8221; sukurta koncepcija veikia. \u0160iuo metu valstyb\u0117 taip pat rengia jaunimo gerov\u0117s programas, tod\u0117l kai kuriose savivaldyb\u0117se taip pat yra l\u0117\u0161\u0173 ir i\u0161tekli\u0173 jaunimo gerovei.<\/p>\n\n<p><strong>PATRIA stovykloje dalyvavo penkiolika jaunuoli\u0173, tarp kuri\u0173 buvo nauj\u0173 ir pa\u017e\u012fstam\u0173 veid\u0173.  <\/strong>Nuo ketvirtadienio popiet\u0117s iki sekmadienio buvome PATRIA stovykloje, kuri, kaip ir pra\u0117jusiais metais, vyko buvusiuose Vaik\u0173 kaimo namuose Kaune. \u0160iuos namus asociacijos l\u0117\u0161omis pastat\u0117me daugiau nei prie\u0161 10 met\u0173, o nuo pra\u0117jusi\u0173 met\u0173 PATRIA gali naudotis \u0161iais dviem namais darbui su jaunimu. Per stovyklos atidarym\u0105 pamat\u0117me kelet\u0105 jaunuoli\u0173, kurie stovykloje dalyvavo pirm\u0105 kart\u0105: <strong>Leonardas<\/strong>, 19 met\u0173, labai sant\u016brus, mandagi\u0173 manier\u0173. Jis yra labai talentingas dainininkas, kuris jau yra pasirod\u0119s televizijoje ir nori mokytis operos dainavimo. O <strong>Ema &#8211; <\/strong>jai jau 24-eri ir ji dabar vejasi studijas, kurias nor\u0117jo prad\u0117ti daug anks\u010diau. Taip pat pamat\u0117me pa\u017e\u012fstam\u0173 veid\u0173, pavyzd\u017eiui, <strong>Paulin\u0105,<\/strong> kilusi\u0105 i\u0161 Marijampol\u0117s vaik\u0173 kaimo, kuri\u0105 pa\u017e\u012fstame nuo vaikyst\u0117s.<\/p>\n\n<p><strong>Stovykla prasid\u0117jo &#8222;k\u0117d\u017ei\u0173 ratu&#8221;<\/strong>. Visi dalyviai prisistat\u0117 ir papasakojo, ko tikisi i\u0161 stovyklos. Otmaras pasinaudojo proga papasakoti Kauno nam\u0173 istorij\u0105. J\u016brat\u0117 skatino jaunim\u0105 \u012fsitraukti ir atvirai kalb\u0117ti. Daugeliui jaunuoli\u0173 buvo sunku atsiverti. Prireik\u0117 \u0161iek tiek laiko, kol jie at\u0161alo ir prakalbo apie save.<\/p>\n\n<figure class=\"wp-block-image size-full\"><img decoding=\"async\" width=\"1000\" height=\"667\" src=\"https:\/\/jugendfoerderung-in-litauen.org\/wp-content\/uploads\/2022\/10\/Jurate-und-Gabija.jpeg\" alt=\"\" class=\"wp-image-2777\" srcset=\"https:\/\/jugendfoerderung-in-litauen.org\/wp-content\/uploads\/2022\/10\/Jurate-und-Gabija.jpeg 1000w, https:\/\/jugendfoerderung-in-litauen.org\/wp-content\/uploads\/2022\/10\/Jurate-und-Gabija-980x654.jpeg 980w, https:\/\/jugendfoerderung-in-litauen.org\/wp-content\/uploads\/2022\/10\/Jurate-und-Gabija-480x320.jpeg 480w\" sizes=\"(min-width: 0px) and (max-width: 480px) 480px, (min-width: 481px) and (max-width: 980px) 980px, (min-width: 981px) 1000px, 100vw\" \/><\/figure>\n\n<p>V\u0117lyv\u0105 popiet\u0119 prie m\u016bs\u0173 prisijung\u0117 s\u0117kmingai mokymo program\u0105 baig\u0119 absolventai. U\u017esisak\u0117me picos, s\u0117d\u0117jome terasoje, o absolventai pasakojo apie savo tobul\u0117jim\u0105, k\u0105 jiems rei\u0161kia dalyvavimas PATRIA programoje ir kod\u0117l jie atvyko. \u0160ie mainai yra labai svarb\u016bs, nes jie sukuria pasitik\u0117jimo atmosfer\u0105 ir leid\u017eia naujiems dalyviams sukurti pavyzd\u017eius ir paskatas.<\/p>\n\n<p><strong>\u0160e\u0161tadienis buvo dirbtuvi\u0173 diena.<\/strong> Vyko <strong>\u0161okio terapija<\/strong>, o <strong>humoristas <\/strong>kalb\u0117jo apie humoro gali\u0105 pokalbio metu. Ypa\u010d did\u017eiuojam\u0117s buvusios PATRIA globotin\u0117s <strong>Akvil\u0117s<\/strong> pristatymu. Ji skait\u0117 savoti\u0161k\u0105 paskait\u0105 apie socialin\u0119 \u017einiasklaid\u0105. Tai paskatino intensyvi\u0105 diskusij\u0105 apie tai, koks \u017ealingas gali b\u016bti pernelyg da\u017enas naudojimasis socialine \u017einiasklaida. Vakare J\u016brat\u0117 ir Otmaras taip pat gal\u0117jo prisid\u0117ti prie seminaro programos, vyko gyvos diskusijos.<\/p>\n\n<p><strong>Paskutin\u0119 dien\u0105, sekmadien\u012f, pirmiausia buvo surengtas rytinis ratas.<\/strong>  Jaunuoliai tur\u0117t\u0173 papasakoti apie tai, kas juos \u012fkv\u0117p\u0117 stovykloje ir k\u0105 jie dabar nor\u0117t\u0173 pakeisti. Ne visi rado lengv\u0105 atsakym\u0105, ta\u010diau diskusija buvo gerokai gyvesn\u0117 nei stovyklos prad\u017eioje. Daugelis jaun\u0173 \u017emoni\u0173 nurod\u0117, kad m\u016bs\u0173 pokalbiai juos pasiek\u0117. Pavyzd\u017eiui, <strong>Ema<\/strong> sak\u0117, kad nori tapti toleranti\u0161kesn\u0117 ir lengviau priimti kompromisus. Hiperaktyvioji <strong>Evelina<\/strong> i\u0161moko pati pasteb\u0117ti savo emocij\u0173 protr\u016bkius ir gavo kelet\u0105 patarim\u0173, kaip elgtis, kai kitiems ima stigti nerv\u0173&#8230;.<\/p>\n\n<p><strong>APSILANKYMAS ALPAK\u0172 \u016aKYJE TRAKUOSE<\/strong><\/p>\n\n<p><strong>Stovyklos pabaigoje autobusu nuvykome \u012f Trakus, esan\u010dius ma\u017edaug u\u017e valandos kelio, kur aplank\u0117me alpak\u0173 \u016bk\u012f.  <\/strong>Mums buvo leista pamaitinti, paglostyti ir pa\u017eaisti su 40 pliu\u0161ini\u0173 gyv\u016bn\u0173. \u0160is seminaro elementas taip pat tur\u0117jo tiksl\u0105. Jaunuoliai gal\u0117jo atsiriboti nuo da\u017enai stres\u0105 kelian\u010dios dirbtuvi\u0173 atmosferos, o artimi gyv\u016bnai suteik\u0117 jiems maloni\u0173 santyki\u0173 ir patenkino poreik\u012f jausti r\u016bpest\u012f gyva b\u016btybe. Daugelyje nuotrauk\u0173 buvo nufotografuoti atsipalaidav\u0119 gestai ir veidai. Atsipalaidavusi nuotaika persik\u0117l\u0117 \u012f paskutinius pietus Trak\u0173 restorane.<\/p>\n\n<figure class=\"wp-block-image size-full\"><img decoding=\"async\" width=\"1000\" height=\"667\" src=\"https:\/\/jugendfoerderung-in-litauen.org\/wp-content\/uploads\/2022\/10\/Patria-Alpakas-2.jpeg\" alt=\"\" class=\"wp-image-2776\" srcset=\"https:\/\/jugendfoerderung-in-litauen.org\/wp-content\/uploads\/2022\/10\/Patria-Alpakas-2.jpeg 1000w, https:\/\/jugendfoerderung-in-litauen.org\/wp-content\/uploads\/2022\/10\/Patria-Alpakas-2-980x654.jpeg 980w, https:\/\/jugendfoerderung-in-litauen.org\/wp-content\/uploads\/2022\/10\/Patria-Alpakas-2-480x320.jpeg 480w\" sizes=\"(min-width: 0px) and (max-width: 480px) 480px, (min-width: 481px) and (max-width: 980px) 980px, (min-width: 981px) 1000px, 100vw\" \/><\/figure>\n\n<p><strong>Atsisveikinimas buvo nepaprastai \u0161iltas ir sujaudino mus visus.<\/strong>  Pajutome, kad jaunuoliai per PATRIA stovykl\u0105 padar\u0117 didel\u0119 pa\u017eang\u0105. Daugelis j\u0173 anks\u010diau nebuvo pa\u017e\u012fstami. Dabar gal\u0117jai matyti, kad jie susirado nauj\u0173 draug\u0173 &#8211; bendramin\u010di\u0173 su pana\u0161ia praeitimi. Taip pat supratome, kad pasiek\u0117me jaunim\u0105. Kai kurie pri\u0117jo prie m\u016bs\u0173, u\u017edav\u0117 mums klausim\u0173, ai\u0161kiai pad\u0117kojo&#8230; arba tiesiog apkabino mus, taip i\u0161reik\u0161dami ry\u0161\u012f.<\/p>\n\n<p><a><strong>M\u016aS\u0172 KELION\u0116S \u012e LIETUV\u0104 I\u0160VADA<\/strong><\/a><\/p>\n\n<p><strong>Esame labai patenkinti, kaip \u0161iemet vyko kelion\u0117 \u012f Lietuv\u0105.<\/strong>  \u012esitikinome, kad m\u016bs\u0173 parama Marijampol\u0117s Sonatos nam\u0173 vaikams yra veiksminga. Buvo labai malonu kartu su vaikais \u0161v\u0119sti pirm\u0105j\u0105 mokyklos dien\u0105 po atostog\u0173. PATRIA stovykla dar kart\u0105 \u012frod\u0117, kad mokymo programa pasiteisino d\u0117l per daugel\u012f met\u0173 sukurtos strukt\u016bros. Ji suteikia jauniems suaugusiesiems orientacij\u0105 ir paskatas tobul\u0117ti kur kas labiau, nei jie patys mano esant \u012fmanoma. Tai, kad mokymo programa veikia, mums patvirtina absolventai, kai kurie i\u0161 j\u0173 gr\u012f\u017eta jau daugel\u012f met\u0173 ir dalyvauja PATRIA veikloje&#8230; ir tuo did\u017eiuojasi.<\/p>\n\n<figure class=\"wp-block-image size-full\"><img decoding=\"async\" width=\"1000\" height=\"667\" src=\"https:\/\/jugendfoerderung-in-litauen.org\/wp-content\/uploads\/2022\/10\/Junger-Mann.jpg\" alt=\"\" class=\"wp-image-2778\" srcset=\"https:\/\/jugendfoerderung-in-litauen.org\/wp-content\/uploads\/2022\/10\/Junger-Mann.jpg 1000w, https:\/\/jugendfoerderung-in-litauen.org\/wp-content\/uploads\/2022\/10\/Junger-Mann-980x654.jpg 980w, https:\/\/jugendfoerderung-in-litauen.org\/wp-content\/uploads\/2022\/10\/Junger-Mann-480x320.jpg 480w\" sizes=\"(min-width: 0px) and (max-width: 480px) 480px, (min-width: 481px) and (max-width: 980px) 980px, (min-width: 981px) 1000px, 100vw\" \/><\/figure>\n\n<p><strong>Mums liko tik vienas pageidavimas<\/strong>&#8230; ir jis skirtas jums, brang\u016bs m\u016bs\u0173 darbo r\u0117m\u0117jai. Labai norime, kad kitais metais \u012f Lietuv\u0105 keliaut\u0173 ne tik glaudesn\u0117 valdyba, bet ir v\u0117l, kaip ir ankstesniais metais, mus lyd\u0117t\u0173 \u017emon\u0117s, kurie patys nori patirti stebukling\u0105 PATRIA stovyklos atmosfer\u0105, kurie nori \u012fsitraukti \u012f darb\u0105 su jaunimu ir kurie nor\u0117t\u0173 aplankyti nuostabi\u0105, ma\u017e\u0105, bet spar\u010diai augan\u010di\u0105 \u0161al\u012f. Kelion\u0117s \u012f Lietuv\u0105 dat\u0105 paskelbsime 2023 m. prad\u017eioje, kad gal\u0117tum\u0117te laiku susiplanuoti.<\/p>\n\n<p><strong>D\u0117kojame <\/strong>\u0161imt\u0173 jaun\u0173 \u017emoni\u0173, kuriems per pastaruosius 20 met\u0173 suteik\u0117me param\u0105, vardu,<\/p>\n\n<p><strong><em>J\u016bs\u0173, Ingrid ir Otmar Debald ir J\u016brat\u0117 Bogacz<br\/>ir komandos nariai<br\/>Children and Youth Development in Lithuania e.V.<\/em><\/strong><\/p>\n","protected":false},"excerpt":{"rendered":"<p>Pozityvi Otmaro kelion\u0117s i\u0161vada: su PATRIA programa einame teisingu keliu!<\/p>\n","protected":false},"author":1,"featured_media":3679,"comment_status":"open","ping_status":"open","sticky":false,"template":"","format":"standard","meta":{"_et_pb_use_builder":"off","_et_pb_old_content":"","_et_gb_content_width":"","content-type":"","footnotes":""},"categories":[19],"tags":[],"class_list":["post-3784","post","type-post","status-publish","format-standard","has-post-thumbnail","hentry","category-uncategorized-lt"],"_links":{"self":[{"href":"https:\/\/jugendfoerderung-in-litauen.org\/lt\/wp-json\/wp\/v2\/posts\/3784","targetHints":{"allow":["GET"]}}],"collection":[{"href":"https:\/\/jugendfoerderung-in-litauen.org\/lt\/wp-json\/wp\/v2\/posts"}],"about":[{"href":"https:\/\/jugendfoerderung-in-litauen.org\/lt\/wp-json\/wp\/v2\/types\/post"}],"author":[{"embeddable":true,"href":"https:\/\/jugendfoerderung-in-litauen.org\/lt\/wp-json\/wp\/v2\/users\/1"}],"replies":[{"embeddable":true,"href":"https:\/\/jugendfoerderung-in-litauen.org\/lt\/wp-json\/wp\/v2\/comments?post=3784"}],"version-history":[{"count":2,"href":"https:\/\/jugendfoerderung-in-litauen.org\/lt\/wp-json\/wp\/v2\/posts\/3784\/revisions"}],"predecessor-version":[{"id":3869,"href":"https:\/\/jugendfoerderung-in-litauen.org\/lt\/wp-json\/wp\/v2\/posts\/3784\/revisions\/3869"}],"wp:featuredmedia":[{"embeddable":true,"href":"https:\/\/jugendfoerderung-in-litauen.org\/lt\/wp-json\/wp\/v2\/media\/3679"}],"wp:attachment":[{"href":"https:\/\/jugendfoerderung-in-litauen.org\/lt\/wp-json\/wp\/v2\/media?parent=3784"}],"wp:term":[{"taxonomy":"category","embeddable":true,"href":"https:\/\/jugendfoerderung-in-litauen.org\/lt\/wp-json\/wp\/v2\/categories?post=3784"},{"taxonomy":"post_tag","embeddable":true,"href":"https:\/\/jugendfoerderung-in-litauen.org\/lt\/wp-json\/wp\/v2\/tags?post=3784"}],"curies":[{"name":"wp","href":"https:\/\/api.w.org\/{rel}","templated":true}]}}