{"id":3755,"date":"2022-08-17T15:02:32","date_gmt":"2022-08-17T13:02:32","guid":{"rendered":"https:\/\/jugendfoerderung-in-litauen.org\/akvile-labai-dziaugiasi-bakalauro-laipsniu-ir-karjeros-pradzia\/"},"modified":"2022-10-16T13:01:03","modified_gmt":"2022-10-16T11:01:03","slug":"akvile-labai-dziaugiasi-bakalauro-laipsniu-ir-karjeros-pradzia","status":"publish","type":"post","link":"https:\/\/jugendfoerderung-in-litauen.org\/lt\/akvile-labai-dziaugiasi-bakalauro-laipsniu-ir-karjeros-pradzia\/","title":{"rendered":"Akvil\u0117 labai d\u017eiaugiasi bakalauro laipsniu ir karjeros prad\u017eia"},"content":{"rendered":"\n<p><em>Brang\u016bs draugai ir r\u0117m\u0117jai<\/em><em>!<\/em><\/p>\n\n<p>\u0160iame vasaros naujienlai\u0161kyje norime pasidalyti gra\u017eiomis naujienomis: Akvil\u0117 i\u0161 Kauno d\u017eiaugiasi rankose laikydama bakalauro diplom\u0105! Taip pat prane\u0161ame apie 2022 m. rugs\u0117jo 1-4 d. planuojam\u0105 kelion\u0119 \u012f Lietuv\u0105. Maloniai kvie\u010diame apsilankyti m\u016bs\u0173 naujai sukurtoje svetain\u0117je <a href=\"http:\/\/www.jugendfoerderung-in-litauen.org\">www.jugendfoerderung-in-litauen.org<\/a>.<\/p>\n\n<p><strong><em>&#8222;Sveiki, Otmarai, noriu, kad \u017einotum\u0117te: Pagaliau vakar gavau diplom\u0105&#8221;.  <\/em><\/strong>\u0160i\u0105 d\u017eiugi\u0105 \u017eini\u0105 m\u016bs\u0173 pirmininkas Otmaras bir\u017eelio m\u0117n. per &#8222;WhatsApp&#8221; gavo i\u0161 25 met\u0173 Akvil\u0117s. Ji toliau d\u017eiaugsmingu balsu pasakojo Otmarui: <em>&#8222;A\u0161 prista\u010diau savo darb\u0105 ir j\u012f i\u0161laikiau! Bir\u017eelio 29 d. vyks mano diplom\u0173 \u012fteikimo ceremonija. Dabar vyksiu dirbti \u012f Danij\u0105. Pagaliau gavau diplom\u0105.&#8221;<\/em><\/p>\n\n<p>Akvil\u0117 kartu su savo seserimi dvyne Joana yra viena pirm\u0173j\u0173 m\u016bs\u0173 paramos programos &#8222;Patria&#8221; dalyvi\u0173. Nuo 2016 m. &#8222;Patria&#8221; r\u0117m\u0117 j\u0105 treniruo\u010di\u0173 kelyje. Otmaras, Ingrida ir J\u016brat\u0117, taip pat Christina Sperling, su kuria ji u\u017emezg\u0117 pasitik\u0117jimu gr\u012fstus santykius, visada palaik\u0117 asmenin\u012f ry\u0161\u012f su ja ir j\u0105 dr\u0105sino. Akvilei buvo nelengva rasti keli\u0105. Ji yra kilusi i\u0161 sud\u0117ting\u0173 nam\u0173 ir patyr\u0117 traumuojan\u010di\u0173 i\u0161gyvenim\u0173, su kuriais buvo sunku susidoroti. Jai kartas nuo karto kildavo abejoni\u0173, ar ji eina teisingu keliu, ir jos profesiniame tobul\u0117jime buvo tam tikr\u0173 pauzi\u0173. Juo labiau d\u017eiaugiam\u0117s, kad jai pavyko s\u0117kmingai baigti verslo studijas Kauno kolegijoje. Taip pat labai d\u017eiaugiam\u0117s, kad Akvil\u0117 yra labai aktyvi &#8222;Patria&#8221; programos &#8222;alumn\u0117&#8221; ir visada perduoda savo patirt\u012f jaunesniems jaunuoliams. Ji net skaitys prane\u0161im\u0105 kitoje vasaros stovykloje. B\u016btent tokios naujienos i\u0161 Akvil\u0117s mus \u012ftikina, kokia vertinga ir svarbi PATRIA programa Lietuvos jaunimui, kuris negauna t\u0117v\u0173 paramos.<\/p>\n\n<p><strong>2022 m. rugs\u0117jo 1-4 d. Otmaras, Ingrida ir J\u016brat\u0117 v\u0117l keliaus \u012f Lietuv\u0105 ir d\u017eiaugiasi, kad juos lyd\u0117s m\u016bs\u0173 r\u0117m\u0117j\u0173 ir palaikytoj\u0173 ratas. <\/strong>Programoje numatyti apsilankymai pas vaikus Marijampol\u0117je ir pokalbiai su PATRIA komanda Kaune. Aktyviai praleisime laik\u0105 su PATRIA programos jaunimu: susitiksime su buvusiais programos dalyviais ir su\u017einosime apie j\u0173 profesin\u012f keli\u0105, dalyvausime PATRIA dienos stovykloje su \u0161okio terapija ir lyd\u0117sime PATRIA grup\u0119 \u012f vienos dienos i\u0161vyk\u0105 \u012f laisvalaikio park\u0105 Vilniuje. Taip pat bus laiko susipa\u017einti su nuostabiais Lietuvos miestais &#8211; Kaunu ir Vilniumi. Jei nor\u0117tum\u0117te lyd\u0117ti m\u016bs\u0173 grup\u0119, kreipkit\u0117s tiesiogiai \u012f Ingrid Debald (ingrid.debald@web.de).<\/p>\n\n<p><strong>Apsilankykite m\u016bs\u0173 naujai sukurtoje svetain\u0117je www.jugendfoerderung-in-litauen.org.  <\/strong>Jame m\u016bs\u0173 r\u0117m\u0117jai ir r\u0117m\u0117jai papasakos apie savo \u012fsp\u016bd\u017eius ir gausite daug informacijos apie tai, kaip bendradarbiaudami su PATRIA organizacija r\u016bpinam\u0117s jaunimo gerove. Taip pat b\u016btume d\u0117kingi u\u017e j\u016bs\u0173 pastabas apie m\u016bs\u0173 svetain\u0119.<\/p>\n\n<p>Dabar linkime jums ir j\u016bs\u0173 \u0161eimoms linksm\u0173 <strong>\u0161ven\u010di\u0173,<\/strong> daug saul\u0117s ir \u0161il\u010diausi\u0173 link\u0117jim\u0173.<\/p>\n\n<p>J\u016bs\u0173 Otmaras ir Ingrid Debald  <\/p>\n\n<p>ir organizacijos &#8222;Vaik\u0173 ir jaunimo gerov\u0117 Lietuvoje&#8221; direktori\u0173 taryba.<\/p>\n","protected":false},"excerpt":{"rendered":"<p>Brang\u016bs draugai ir r\u0117m\u0117jai! \u0160iame vasaros naujienlai\u0161kyje norime pasidalyti gra\u017eiomis naujienomis: Akvil\u0117 i\u0161 Kauno d\u017eiaugiasi rankose laikydama bakalauro diplom\u0105! Taip pat prane\u0161ame apie 2022 m. rugs\u0117jo 1-4 d. planuojam\u0105 kelion\u0119 \u012f Lietuv\u0105. Maloniai kvie\u010diame apsilankyti m\u016bs\u0173 naujai sukurtoje svetain\u0117je www.jugendfoerderung-in-litauen.org. &#8222;Sveiki, Otmarai, noriu, kad \u017einotum\u0117te: Pagaliau vakar gavau diplom\u0105&#8221;. \u0160i\u0105 d\u017eiugi\u0105 \u017eini\u0105 m\u016bs\u0173 pirmininkas Otmaras [&hellip;]<\/p>\n","protected":false},"author":2,"featured_media":3672,"comment_status":"open","ping_status":"open","sticky":false,"template":"","format":"standard","meta":{"_et_pb_use_builder":"off","_et_pb_old_content":"","_et_gb_content_width":"","content-type":"","footnotes":""},"categories":[19],"tags":[],"class_list":["post-3755","post","type-post","status-publish","format-standard","has-post-thumbnail","hentry","category-uncategorized-lt"],"_links":{"self":[{"href":"https:\/\/jugendfoerderung-in-litauen.org\/lt\/wp-json\/wp\/v2\/posts\/3755","targetHints":{"allow":["GET"]}}],"collection":[{"href":"https:\/\/jugendfoerderung-in-litauen.org\/lt\/wp-json\/wp\/v2\/posts"}],"about":[{"href":"https:\/\/jugendfoerderung-in-litauen.org\/lt\/wp-json\/wp\/v2\/types\/post"}],"author":[{"embeddable":true,"href":"https:\/\/jugendfoerderung-in-litauen.org\/lt\/wp-json\/wp\/v2\/users\/2"}],"replies":[{"embeddable":true,"href":"https:\/\/jugendfoerderung-in-litauen.org\/lt\/wp-json\/wp\/v2\/comments?post=3755"}],"version-history":[{"count":1,"href":"https:\/\/jugendfoerderung-in-litauen.org\/lt\/wp-json\/wp\/v2\/posts\/3755\/revisions"}],"predecessor-version":[{"id":3760,"href":"https:\/\/jugendfoerderung-in-litauen.org\/lt\/wp-json\/wp\/v2\/posts\/3755\/revisions\/3760"}],"wp:featuredmedia":[{"embeddable":true,"href":"https:\/\/jugendfoerderung-in-litauen.org\/lt\/wp-json\/wp\/v2\/media\/3672"}],"wp:attachment":[{"href":"https:\/\/jugendfoerderung-in-litauen.org\/lt\/wp-json\/wp\/v2\/media?parent=3755"}],"wp:term":[{"taxonomy":"category","embeddable":true,"href":"https:\/\/jugendfoerderung-in-litauen.org\/lt\/wp-json\/wp\/v2\/categories?post=3755"},{"taxonomy":"post_tag","embeddable":true,"href":"https:\/\/jugendfoerderung-in-litauen.org\/lt\/wp-json\/wp\/v2\/tags?post=3755"}],"curies":[{"name":"wp","href":"https:\/\/api.w.org\/{rel}","templated":true}]}}